{"id":74453,"date":"2023-10-19T12:03:18","date_gmt":"2023-10-19T16:03:18","guid":{"rendered":"https:\/\/ifintechworld.com\/investing\/canadian-prime-minister-trudeau-warns-alberta-about-weakening-national-pension-plan\/"},"modified":"2023-10-19T12:03:20","modified_gmt":"2023-10-19T16:03:20","slug":"canadian-prime-minister-trudeau-warns-alberta-about-weakening-national-pension-plan","status":"publish","type":"post","link":"https:\/\/ifintechworld.com\/?p=74453","title":{"rendered":"Canadian Prime Minister Trudeau Warns Alberta About Weakening National Pension Plan"},"content":{"rendered":"<div id=\"js-article__body\" itemprop=\"articleBody\" data-sbid=\"MW-BT-CO-20231018-706981\" role=\"document\">\n<p>By Paul Vieira<\/p>\n<p>OTTAWA&#8211;Canada and the province of Alberta are in a row about the future of the country&#8217;s largest pension plan, with hundreds of billions of dollars potentially at stake.<\/p>\n<p>Canadian Prime Minister Justin Trudeau said Wednesday Alberta&#8217;s proposal to potentially withdraw from the Canada Pension Plan threatens its &#8220;certainty and stability,&#8221; and has instructed officials to inform residents of the oil-rich province of the risks posed by the provincial government&#8217;s plan.<\/p>\n<div class=\"paywall\">\n<p>&#8220;We will not stand by as anyone seeks to weaken pensions and reduce the retirement income of Canadians,&#8221; Trudeau said in a letter to Alberta Premier Danielle Smith, which the Canadian leader&#8217;s office made public. &#8220;Alberta&#8217;s withdrawal would weaken the pensions of millions of seniors and hardworking people in Alberta and right across the country. The harm it would cause is undeniable.&#8221;<\/p>\n<p>The Canadian Pension Plan is funded primarily through mandatory contributions by employers, employees and the self-employed, and benefits are paid out based upon the age and the amount contributed over a person&#8217;s working career. The maximum benefit payable at age 65 is about 1,250 Canadian dollars per month, or the equivalent of $900.<\/p>\n<p>The CPP Investment Board &#8212; one of the world&#8217;s largest pension funds &#8212; invests the money contributed by taxpayers, and manages assets totaling C$570 billion.<\/p>\n<p>The province of Quebec operates its own pension plan, and its contributions are managed by Caisse de d\u00e9p\u00f4t et placement du Qu\u00e9bec.<\/p>\n<p>Last month, Smith said her province would look into withdrawing from the C$570 billion pension plan, arguing doing so could save the province&#8217;s 4.7 million residents billions each year through lower contribution rates and higher benefit payouts. She cited a study the province commissioned, which concluded that Alberta should be entitled to a C$334 billion asset transfer from the CPP. This total, the study said, represents the amount Albertans have paid into the plan minus how much they have received since the plan&#8217;s inception in 1966, and also incorporates investment earnings.<\/p>\n<p>Smith said the province is consulting with residents about such action, and would hold a referendum if the public responded positively. She said Canadian government programs, such as the CPP, tend to be &#8220;stacked against&#8221; oil-and-gas rich Alberta. &#8220;We want to have a better, constructive relationship with the rest of the country.&#8221;<\/p>\n<p>An Alberta government spokeswoman wasn&#8217;t immediately available Wednesday for comment about Trudeau&#8217;s letter.<\/p>\n<p>A spokesman for the CPP pension fund was unavailable. Last month, local media have quoted a spokesman for the fund saying the pension fund can&#8217;t find any legal or actuarial evidence to back Alberta&#8217;s claim for C$334 billion in assets.<\/p>\n<p>According to its most recent annual report, the pension fund recorded net income of C$8 billion for the 2022-23 fiscal year, and a net return of 1.3%. Over a third of its investments are in the U.S., with private equity and public equities as its top asset classes, at 33% and 24%, respectively.<\/p>\n<p>In his letter, Trudeau said Alberta&#8217;s withdrawal &#8220;would expose millions of Canadians to greater volatility and would deny them the certainty and stability that has benefited generations.&#8221;<\/p>\n<p>Write to Paul Vieira at paul.vieira@wsj.com<\/p>\n<pre><\/pre>\n<\/p><\/div>\n<\/div>\n<p>Read the full article <a href=\"https:\/\/www.marketwatch.com\/story\/canadian-prime-minister-trudeau-warns-alberta-about-weakening-national-pension-plan-672a7c73?mod=investing\" target=\"_blank\" rel=\"noopener\">here<\/a><\/p>\n","protected":false},"excerpt":{"rendered":"<p>By Paul Vieira OTTAWA&#8211;Canada and the province of Alberta are in a row about the future of the country&#8217;s largest pension plan, with hundreds of billions of dollars potentially at stake. Canadian Prime Minister Justin Trudeau said Wednesday Alberta&#8217;s proposal to potentially withdraw from the Canada Pension Plan threatens its &#8220;certainty and stability,&#8221; and has [&hellip;]<\/p>\n","protected":false},"author":1,"featured_media":1898,"comment_status":"open","ping_status":"open","sticky":false,"template":"","format":"video","meta":{"footnotes":""},"categories":[239],"tags":[83],"class_list":["post-74453","post","type-post","status-publish","format-video","has-post-thumbnail","hentry","category-investing","tag-featured","post_format-post-format-video"],"yoast_head":"<!-- This site is optimized with the Yoast SEO plugin v20.6 - https:\/\/yoast.com\/wordpress\/plugins\/seo\/ -->\n<title>Canadian Prime Minister Trudeau Warns Alberta About Weakening National Pension Plan | iFintechWorld<\/title>\n<meta name=\"description\" content=\"By Paul Vieira OTTAWA--Canada and the province of Alberta are in a row about the future of the country&#039;s largest pension plan, with hundreds of billions\" \/>\n<meta name=\"robots\" content=\"index, follow, max-snippet:-1, max-image-preview:large, max-video-preview:-1\" \/>\n<link rel=\"canonical\" href=\"https:\/\/ifintechworld.com\/?p=74453\" \/>\n<meta property=\"og:locale\" content=\"en_US\" \/>\n<meta property=\"og:type\" content=\"article\" \/>\n<meta property=\"og:title\" content=\"Canadian Prime Minister Trudeau Warns Alberta About Weakening National Pension Plan | iFintechWorld\" \/>\n<meta property=\"og:description\" content=\"By Paul Vieira OTTAWA--Canada and the province of Alberta are in a row about the future of the country&#039;s largest pension plan, with hundreds of billions\" \/>\n<meta property=\"og:url\" content=\"https:\/\/ifintechworld.com\/?p=74453\" \/>\n<meta property=\"og:site_name\" content=\"iFintechWorld\" \/>\n<meta property=\"article:published_time\" content=\"2023-10-19T16:03:18+00:00\" \/>\n<meta property=\"article:modified_time\" content=\"2023-10-19T16:03:20+00:00\" \/>\n<meta property=\"og:image\" content=\"https:\/\/ifintechworld.com\/wp-content\/uploads\/2023\/04\/mw_logo_social.png\" \/>\n\t<meta property=\"og:image:width\" content=\"1200\" \/>\n\t<meta property=\"og:image:height\" content=\"630\" \/>\n\t<meta property=\"og:image:type\" content=\"image\/png\" \/>\n<meta name=\"author\" content=\"News Room\" \/>\n<meta name=\"twitter:card\" content=\"summary_large_image\" \/>\n<meta name=\"twitter:label1\" content=\"Written by\" \/>\n\t<meta name=\"twitter:data1\" content=\"News Room\" \/>\n\t<meta name=\"twitter:label2\" content=\"Est. reading time\" \/>\n\t<meta name=\"twitter:data2\" content=\"3 minutes\" \/>\n<script type=\"application\/ld+json\" class=\"yoast-schema-graph\">{\"@context\":\"https:\/\/schema.org\",\"@graph\":[{\"@type\":\"Article\",\"@id\":\"https:\/\/ifintechworld.com\/?p=74453#article\",\"isPartOf\":{\"@id\":\"https:\/\/ifintechworld.com\/?p=74453\"},\"author\":{\"name\":\"News Room\",\"@id\":\"https:\/\/ifintechworld.com\/#\/schema\/person\/6224724fd4116361255b179dc5c70b61\"},\"headline\":\"Canadian Prime Minister Trudeau Warns Alberta About Weakening National Pension Plan\",\"datePublished\":\"2023-10-19T16:03:18+00:00\",\"dateModified\":\"2023-10-19T16:03:20+00:00\",\"mainEntityOfPage\":{\"@id\":\"https:\/\/ifintechworld.com\/?p=74453\"},\"wordCount\":546,\"commentCount\":0,\"publisher\":{\"@id\":\"https:\/\/ifintechworld.com\/#organization\"},\"keywords\":[\"Featured\"],\"articleSection\":[\"Investing\"],\"inLanguage\":\"en-US\",\"potentialAction\":[{\"@type\":\"CommentAction\",\"name\":\"Comment\",\"target\":[\"https:\/\/ifintechworld.com\/?p=74453#respond\"]}]},{\"@type\":\"WebPage\",\"@id\":\"https:\/\/ifintechworld.com\/?p=74453\",\"url\":\"https:\/\/ifintechworld.com\/?p=74453\",\"name\":\"Canadian Prime Minister Trudeau Warns Alberta About Weakening National Pension Plan | iFintechWorld\",\"isPartOf\":{\"@id\":\"https:\/\/ifintechworld.com\/#website\"},\"datePublished\":\"2023-10-19T16:03:18+00:00\",\"dateModified\":\"2023-10-19T16:03:20+00:00\",\"description\":\"By Paul Vieira OTTAWA--Canada and the province of Alberta are in a row about the future of the country's largest pension plan, with hundreds of billions\",\"breadcrumb\":{\"@id\":\"https:\/\/ifintechworld.com\/?p=74453#breadcrumb\"},\"inLanguage\":\"en-US\",\"potentialAction\":[{\"@type\":\"ReadAction\",\"target\":[\"https:\/\/ifintechworld.com\/?p=74453\"]}]},{\"@type\":\"BreadcrumbList\",\"@id\":\"https:\/\/ifintechworld.com\/?p=74453#breadcrumb\",\"itemListElement\":[{\"@type\":\"ListItem\",\"position\":1,\"name\":\"Home\",\"item\":\"https:\/\/ifintechworld.com\/\"},{\"@type\":\"ListItem\",\"position\":2,\"name\":\"Canadian Prime Minister Trudeau Warns Alberta About Weakening National Pension Plan\"}]},{\"@type\":\"WebSite\",\"@id\":\"https:\/\/ifintechworld.com\/#website\",\"url\":\"https:\/\/ifintechworld.com\/\",\"name\":\"Repay Down\",\"description\":\"Latest Personal Finance News, Tips and Updates\",\"publisher\":{\"@id\":\"https:\/\/ifintechworld.com\/#organization\"},\"potentialAction\":[{\"@type\":\"SearchAction\",\"target\":{\"@type\":\"EntryPoint\",\"urlTemplate\":\"https:\/\/ifintechworld.com\/?s={search_term_string}\"},\"query-input\":\"required name=search_term_string\"}],\"inLanguage\":\"en-US\"},{\"@type\":\"Organization\",\"@id\":\"https:\/\/ifintechworld.com\/#organization\",\"name\":\"Repay Down\",\"url\":\"https:\/\/ifintechworld.com\/\",\"logo\":{\"@type\":\"ImageObject\",\"inLanguage\":\"en-US\",\"@id\":\"https:\/\/ifintechworld.com\/#\/schema\/logo\/image\/\",\"url\":\"https:\/\/ifintechworld.com\/wp-content\/uploads\/2023\/04\/rep-logo-dark.png\",\"contentUrl\":\"https:\/\/ifintechworld.com\/wp-content\/uploads\/2023\/04\/rep-logo-dark.png\",\"width\":558,\"height\":90,\"caption\":\"Repay Down\"},\"image\":{\"@id\":\"https:\/\/ifintechworld.com\/#\/schema\/logo\/image\/\"}},{\"@type\":\"Person\",\"@id\":\"https:\/\/ifintechworld.com\/#\/schema\/person\/6224724fd4116361255b179dc5c70b61\",\"name\":\"News Room\",\"image\":{\"@type\":\"ImageObject\",\"inLanguage\":\"en-US\",\"@id\":\"https:\/\/ifintechworld.com\/#\/schema\/person\/image\/\",\"url\":\"https:\/\/ifintechworld.com\/wp-content\/uploads\/2023\/04\/avatar_user_1_1682606986-96x96.png\",\"contentUrl\":\"https:\/\/ifintechworld.com\/wp-content\/uploads\/2023\/04\/avatar_user_1_1682606986-96x96.png\",\"caption\":\"News Room\"},\"sameAs\":[\"https:\/\/ifintechworld.com\"],\"url\":\"https:\/\/ifintechworld.com\/?author=1\"}]}<\/script>\n<!-- \/ Yoast SEO plugin. -->","yoast_head_json":{"title":"Canadian Prime Minister Trudeau Warns Alberta About Weakening National Pension Plan | iFintechWorld","description":"By Paul Vieira OTTAWA--Canada and the province of Alberta are in a row about the future of the country's largest pension plan, with hundreds of billions","robots":{"index":"index","follow":"follow","max-snippet":"max-snippet:-1","max-image-preview":"max-image-preview:large","max-video-preview":"max-video-preview:-1"},"canonical":"https:\/\/ifintechworld.com\/?p=74453","og_locale":"en_US","og_type":"article","og_title":"Canadian Prime Minister Trudeau Warns Alberta About Weakening National Pension Plan | iFintechWorld","og_description":"By Paul Vieira OTTAWA--Canada and the province of Alberta are in a row about the future of the country's largest pension plan, with hundreds of billions","og_url":"https:\/\/ifintechworld.com\/?p=74453","og_site_name":"iFintechWorld","article_published_time":"2023-10-19T16:03:18+00:00","article_modified_time":"2023-10-19T16:03:20+00:00","og_image":[{"width":1200,"height":630,"url":"https:\/\/ifintechworld.com\/wp-content\/uploads\/2023\/04\/mw_logo_social.png","type":"image\/png"}],"author":"News Room","twitter_card":"summary_large_image","twitter_misc":{"Written by":"News Room","Est. reading time":"3 minutes"},"schema":{"@context":"https:\/\/schema.org","@graph":[{"@type":"Article","@id":"https:\/\/ifintechworld.com\/?p=74453#article","isPartOf":{"@id":"https:\/\/ifintechworld.com\/?p=74453"},"author":{"name":"News Room","@id":"https:\/\/ifintechworld.com\/#\/schema\/person\/6224724fd4116361255b179dc5c70b61"},"headline":"Canadian Prime Minister Trudeau Warns Alberta About Weakening National Pension Plan","datePublished":"2023-10-19T16:03:18+00:00","dateModified":"2023-10-19T16:03:20+00:00","mainEntityOfPage":{"@id":"https:\/\/ifintechworld.com\/?p=74453"},"wordCount":546,"commentCount":0,"publisher":{"@id":"https:\/\/ifintechworld.com\/#organization"},"keywords":["Featured"],"articleSection":["Investing"],"inLanguage":"en-US","potentialAction":[{"@type":"CommentAction","name":"Comment","target":["https:\/\/ifintechworld.com\/?p=74453#respond"]}]},{"@type":"WebPage","@id":"https:\/\/ifintechworld.com\/?p=74453","url":"https:\/\/ifintechworld.com\/?p=74453","name":"Canadian Prime Minister Trudeau Warns Alberta About Weakening National Pension Plan | iFintechWorld","isPartOf":{"@id":"https:\/\/ifintechworld.com\/#website"},"datePublished":"2023-10-19T16:03:18+00:00","dateModified":"2023-10-19T16:03:20+00:00","description":"By Paul Vieira OTTAWA--Canada and the province of Alberta are in a row about the future of the country's largest pension plan, with hundreds of billions","breadcrumb":{"@id":"https:\/\/ifintechworld.com\/?p=74453#breadcrumb"},"inLanguage":"en-US","potentialAction":[{"@type":"ReadAction","target":["https:\/\/ifintechworld.com\/?p=74453"]}]},{"@type":"BreadcrumbList","@id":"https:\/\/ifintechworld.com\/?p=74453#breadcrumb","itemListElement":[{"@type":"ListItem","position":1,"name":"Home","item":"https:\/\/ifintechworld.com\/"},{"@type":"ListItem","position":2,"name":"Canadian Prime Minister Trudeau Warns Alberta About Weakening National Pension Plan"}]},{"@type":"WebSite","@id":"https:\/\/ifintechworld.com\/#website","url":"https:\/\/ifintechworld.com\/","name":"Repay Down","description":"Latest Personal Finance News, Tips and Updates","publisher":{"@id":"https:\/\/ifintechworld.com\/#organization"},"potentialAction":[{"@type":"SearchAction","target":{"@type":"EntryPoint","urlTemplate":"https:\/\/ifintechworld.com\/?s={search_term_string}"},"query-input":"required name=search_term_string"}],"inLanguage":"en-US"},{"@type":"Organization","@id":"https:\/\/ifintechworld.com\/#organization","name":"Repay Down","url":"https:\/\/ifintechworld.com\/","logo":{"@type":"ImageObject","inLanguage":"en-US","@id":"https:\/\/ifintechworld.com\/#\/schema\/logo\/image\/","url":"https:\/\/ifintechworld.com\/wp-content\/uploads\/2023\/04\/rep-logo-dark.png","contentUrl":"https:\/\/ifintechworld.com\/wp-content\/uploads\/2023\/04\/rep-logo-dark.png","width":558,"height":90,"caption":"Repay Down"},"image":{"@id":"https:\/\/ifintechworld.com\/#\/schema\/logo\/image\/"}},{"@type":"Person","@id":"https:\/\/ifintechworld.com\/#\/schema\/person\/6224724fd4116361255b179dc5c70b61","name":"News Room","image":{"@type":"ImageObject","inLanguage":"en-US","@id":"https:\/\/ifintechworld.com\/#\/schema\/person\/image\/","url":"https:\/\/ifintechworld.com\/wp-content\/uploads\/2023\/04\/avatar_user_1_1682606986-96x96.png","contentUrl":"https:\/\/ifintechworld.com\/wp-content\/uploads\/2023\/04\/avatar_user_1_1682606986-96x96.png","caption":"News Room"},"sameAs":["https:\/\/ifintechworld.com"],"url":"https:\/\/ifintechworld.com\/?author=1"}]}},"amp_enabled":true,"_links":{"self":[{"href":"https:\/\/ifintechworld.com\/index.php?rest_route=\/wp\/v2\/posts\/74453","targetHints":{"allow":["GET"]}}],"collection":[{"href":"https:\/\/ifintechworld.com\/index.php?rest_route=\/wp\/v2\/posts"}],"about":[{"href":"https:\/\/ifintechworld.com\/index.php?rest_route=\/wp\/v2\/types\/post"}],"author":[{"embeddable":true,"href":"https:\/\/ifintechworld.com\/index.php?rest_route=\/wp\/v2\/users\/1"}],"replies":[{"embeddable":true,"href":"https:\/\/ifintechworld.com\/index.php?rest_route=%2Fwp%2Fv2%2Fcomments&post=74453"}],"version-history":[{"count":1,"href":"https:\/\/ifintechworld.com\/index.php?rest_route=\/wp\/v2\/posts\/74453\/revisions"}],"predecessor-version":[{"id":74454,"href":"https:\/\/ifintechworld.com\/index.php?rest_route=\/wp\/v2\/posts\/74453\/revisions\/74454"}],"wp:featuredmedia":[{"embeddable":true,"href":"https:\/\/ifintechworld.com\/index.php?rest_route=\/wp\/v2\/media\/1898"}],"wp:attachment":[{"href":"https:\/\/ifintechworld.com\/index.php?rest_route=%2Fwp%2Fv2%2Fmedia&parent=74453"}],"wp:term":[{"taxonomy":"category","embeddable":true,"href":"https:\/\/ifintechworld.com\/index.php?rest_route=%2Fwp%2Fv2%2Fcategories&post=74453"},{"taxonomy":"post_tag","embeddable":true,"href":"https:\/\/ifintechworld.com\/index.php?rest_route=%2Fwp%2Fv2%2Ftags&post=74453"}],"curies":[{"name":"wp","href":"https:\/\/api.w.org\/{rel}","templated":true}]}}